{"id":5323,"date":"2022-03-30T09:15:19","date_gmt":"2022-03-30T09:15:19","guid":{"rendered":"https:\/\/www.cralasabina.es\/?p=5323"},"modified":"2022-03-30T09:15:20","modified_gmt":"2022-03-30T09:15:20","slug":"charla-sobre-los-peligros-de-las-nuevas-tecnologias","status":"publish","type":"post","link":"https:\/\/www.cralasabina.es\/index.php\/2022\/03\/30\/charla-sobre-los-peligros-de-las-nuevas-tecnologias\/","title":{"rendered":"CHARLA SOBRE LOS PELIGROS  DE LAS  NUEVAS TECNOLOG\u00cdAS"},"content":{"rendered":"\n<p>En el colegio de Nuez Susana, nuestra orientadora, imparti\u00f3 una interesante charla sobre l<strong>os riesgos que entra\u00f1a el uso de internet, las redes sociales y pantallas digitales\u00a0\u00a0<\/strong><\/p>\n\n\n\n<p>El alumnado particip\u00f3 de forma activa , se  respondi\u00f3 a m\u00faltiples preguntas de los alumnos\/as que, a buen seguro, a partir de hoy, tendr\u00e1n mucha m\u00e1s cautela en el uso de las nuevas tecnolog\u00edas.<\/p>\n\n\n\n<figure class=\"is-layout-flex wp-block-gallery-1 wp-block-gallery columns-2 is-cropped\"><ul class=\"blocks-gallery-grid\"><li class=\"blocks-gallery-item\"><figure><img decoding=\"async\" loading=\"lazy\" width=\"825\" height=\"619\" src=\"https:\/\/i0.wp.com\/www.cralasabina.es\/wp-content\/uploads\/2022\/03\/WhatsApp-Image-2022-03-30-at-11.03.071.jpeg?resize=825%2C619&#038;ssl=1\" alt=\"\" data-id=\"5324\" data-full-url=\"https:\/\/www.cralasabina.es\/wp-content\/uploads\/2022\/03\/WhatsApp-Image-2022-03-30-at-11.03.071.jpeg\" data-link=\"https:\/\/www.cralasabina.es\/?attachment_id=5324\" class=\"wp-image-5324\" srcset=\"https:\/\/i0.wp.com\/www.cralasabina.es\/wp-content\/uploads\/2022\/03\/WhatsApp-Image-2022-03-30-at-11.03.071.jpeg?resize=1024%2C768&amp;ssl=1 1024w, https:\/\/i0.wp.com\/www.cralasabina.es\/wp-content\/uploads\/2022\/03\/WhatsApp-Image-2022-03-30-at-11.03.071.jpeg?resize=300%2C225&amp;ssl=1 300w, https:\/\/i0.wp.com\/www.cralasabina.es\/wp-content\/uploads\/2022\/03\/WhatsApp-Image-2022-03-30-at-11.03.071.jpeg?resize=768%2C576&amp;ssl=1 768w, https:\/\/i0.wp.com\/www.cralasabina.es\/wp-content\/uploads\/2022\/03\/WhatsApp-Image-2022-03-30-at-11.03.071.jpeg?resize=1536%2C1152&amp;ssl=1 1536w, https:\/\/i0.wp.com\/www.cralasabina.es\/wp-content\/uploads\/2022\/03\/WhatsApp-Image-2022-03-30-at-11.03.071.jpeg?w=1600&amp;ssl=1 1600w\" sizes=\"(max-width: 825px) 100vw, 825px\" data-recalc-dims=\"1\" \/><\/figure><\/li><li class=\"blocks-gallery-item\"><figure><img decoding=\"async\" loading=\"lazy\" width=\"825\" height=\"619\" src=\"https:\/\/i0.wp.com\/www.cralasabina.es\/wp-content\/uploads\/2022\/03\/WhatsApp-Image-2022-03-30-at-11.03.07.jpeg?resize=825%2C619&#038;ssl=1\" alt=\"\" data-id=\"5325\" data-full-url=\"https:\/\/www.cralasabina.es\/wp-content\/uploads\/2022\/03\/WhatsApp-Image-2022-03-30-at-11.03.07.jpeg\" data-link=\"https:\/\/www.cralasabina.es\/?attachment_id=5325\" class=\"wp-image-5325\" srcset=\"https:\/\/i0.wp.com\/www.cralasabina.es\/wp-content\/uploads\/2022\/03\/WhatsApp-Image-2022-03-30-at-11.03.07.jpeg?resize=1024%2C768&amp;ssl=1 1024w, https:\/\/i0.wp.com\/www.cralasabina.es\/wp-content\/uploads\/2022\/03\/WhatsApp-Image-2022-03-30-at-11.03.07.jpeg?resize=300%2C225&amp;ssl=1 300w, https:\/\/i0.wp.com\/www.cralasabina.es\/wp-content\/uploads\/2022\/03\/WhatsApp-Image-2022-03-30-at-11.03.07.jpeg?resize=768%2C576&amp;ssl=1 768w, https:\/\/i0.wp.com\/www.cralasabina.es\/wp-content\/uploads\/2022\/03\/WhatsApp-Image-2022-03-30-at-11.03.07.jpeg?resize=1536%2C1152&amp;ssl=1 1536w, https:\/\/i0.wp.com\/www.cralasabina.es\/wp-content\/uploads\/2022\/03\/WhatsApp-Image-2022-03-30-at-11.03.07.jpeg?w=1600&amp;ssl=1 1600w\" sizes=\"(max-width: 825px) 100vw, 825px\" data-recalc-dims=\"1\" \/><\/figure><\/li><\/ul><\/figure>\n\n<div class=\"twitter-share\"><a href=\"https:\/\/twitter.com\/intent\/tweet?via=cralasabina\" class=\"twitter-share-button\">Twittear<\/a><\/div>\n","protected":false},"excerpt":{"rendered":"<p>En el colegio de Nuez Susana, nuestra orientadora, imparti\u00f3 una interesante charla sobre los riesgos que entra\u00f1a el uso de internet, las redes sociales y pantallas digitales\u00a0\u00a0 El alumnado particip\u00f3 de forma activa , se respondi\u00f3 a m\u00faltiples preguntas de los alumnos\/as que, a buen seguro, a partir de hoy, tendr\u00e1n mucha m\u00e1s cautela en&hellip; <a href=\"https:\/\/www.cralasabina.es\/index.php\/2022\/03\/30\/charla-sobre-los-peligros-de-las-nuevas-tecnologias\/\" class=\"more-link\">Sigue leyendo <span class=\"screen-reader-text\">CHARLA SOBRE LOS PELIGROS  DE LAS  NUEVAS TECNOLOG\u00cdAS<\/span><\/a><\/p>\n","protected":false},"author":1,"featured_media":0,"comment_status":"open","ping_status":"open","sticky":false,"template":"","format":"standard","meta":[],"categories":[6],"tags":[],"jetpack_featured_media_url":"","_links":{"self":[{"href":"https:\/\/www.cralasabina.es\/index.php\/wp-json\/wp\/v2\/posts\/5323"}],"collection":[{"href":"https:\/\/www.cralasabina.es\/index.php\/wp-json\/wp\/v2\/posts"}],"about":[{"href":"https:\/\/www.cralasabina.es\/index.php\/wp-json\/wp\/v2\/types\/post"}],"author":[{"embeddable":true,"href":"https:\/\/www.cralasabina.es\/index.php\/wp-json\/wp\/v2\/users\/1"}],"replies":[{"embeddable":true,"href":"https:\/\/www.cralasabina.es\/index.php\/wp-json\/wp\/v2\/comments?post=5323"}],"version-history":[{"count":1,"href":"https:\/\/www.cralasabina.es\/index.php\/wp-json\/wp\/v2\/posts\/5323\/revisions"}],"predecessor-version":[{"id":5326,"href":"https:\/\/www.cralasabina.es\/index.php\/wp-json\/wp\/v2\/posts\/5323\/revisions\/5326"}],"wp:attachment":[{"href":"https:\/\/www.cralasabina.es\/index.php\/wp-json\/wp\/v2\/media?parent=5323"}],"wp:term":[{"taxonomy":"category","embeddable":true,"href":"https:\/\/www.cralasabina.es\/index.php\/wp-json\/wp\/v2\/categories?post=5323"},{"taxonomy":"post_tag","embeddable":true,"href":"https:\/\/www.cralasabina.es\/index.php\/wp-json\/wp\/v2\/tags?post=5323"}],"curies":[{"name":"wp","href":"https:\/\/api.w.org\/{rel}","templated":true}]}}