{"id":5463,"date":"2022-06-28T18:14:23","date_gmt":"2022-06-28T18:14:23","guid":{"rendered":"https:\/\/www.cralasabina.es\/?p=5463"},"modified":"2022-06-28T18:15:58","modified_gmt":"2022-06-28T18:15:58","slug":"inicio-curso-2022-2023","status":"publish","type":"post","link":"https:\/\/www.cralasabina.es\/index.php\/2022\/06\/28\/inicio-curso-2022-2023\/","title":{"rendered":"Inicio curso 2022-2023"},"content":{"rendered":"\n<p>El inicio del nuevo curso escolar ser\u00e1 el jueves 8 de septiembre. <\/p>\n\n\n\n<p>Los alumnos\/as de 1\u00ba de Educaci\u00f3n Infantil tendr\u00e1n un<strong>&nbsp;Periodo de Adaptaci\u00f3n<\/strong>:<\/p>\n\n\n\n<ul><li>D\u00edas 8, 9 y 12 de septiembre de 11:20 a 13 horas.<\/li><\/ul>\n\n\n\n<p><strong>BANCO DE LIBROS<\/strong>: El d\u00eda 8 de septiembre informaremos de las fechas en la que podr\u00e1n recoger los lotes. <\/p>\n\n\n\n<p>Los&nbsp;<strong>libros de texto&nbsp;<\/strong>y los materiales para el aula est\u00e1n disponibles en esta web en el apartado de secretar\u00eda.<\/p>\n\n\n\n<p>Para apuntarse al&nbsp;<strong>COMEDOR ESCOLAR&nbsp;<\/strong>de Villafranca o de Nuez de Ebro es necesario hacer la inscripci\u00f3n.<\/p>\n\n\n\n<p>Todas aquellas familias que quieran hacer uso del servicio de comedor en el curso 2022-2023 deber\u00e1n inscribirse los d\u00edas&nbsp;<strong>1 y 2 de septiembre<\/strong>&nbsp;en secretar\u00eda, llamando por&nbsp;<strong>tel\u00e9fono<\/strong>&nbsp;al n\u00famero&nbsp;<em>976167183<\/em>. Tambi\u00e9n se puede notificar a trav\u00e9s del&nbsp;<strong>correo electr\u00f3nico<\/strong>&nbsp;\u2013&nbsp;<em>cralasabina@cralasabina.es<\/em>&nbsp;\u2013 hasta el 2 de septiembre, especificando nombre, apellidos, localidad y fecha de inicio. Los nuevos usuarios deber\u00e1n enviar la Hoja de Inscripci\u00f3n.<\/p>\n\n\n\n<ul><li><a href=\"https:\/\/drive.google.com\/file\/d\/1DUc1AzoZPg1ykr6tM_slS82BGjhbczQL\/view?usp=sharing\">Hoja de Inscripci\u00f3n comedor Villafranca de Ebro<\/a><\/li><\/ul>\n\n\n\n<ul><li><a href=\"https:\/\/drive.google.com\/file\/d\/1QhiWh-YbwmTxaOf3fGSXnUQfWCl1f0qn\/view?usp=sharing\">Hoja de Inscripci\u00f3n comedo<\/a><a href=\"https:\/\/drive.google.com\/file\/d\/1yqwFP1gJMP_rnvzQQai0kF4mWr1FViTz\/view?usp=sharing\">r Nuez de Ebro<\/a><\/li><\/ul>\n\n\n\n<p>As\u00ed mismo, recordar que los que quieran hacer uso del comedor en&nbsp;<strong>octubre<\/strong>, tendr\u00e1n que inscribirse antes del d\u00eda&nbsp;<strong>15 de septiembre<\/strong>.<\/p>\n\n<div class=\"twitter-share\"><a href=\"https:\/\/twitter.com\/intent\/tweet?via=cralasabina\" class=\"twitter-share-button\">Twittear<\/a><\/div>\n","protected":false},"excerpt":{"rendered":"<p>El inicio del nuevo curso escolar ser\u00e1 el jueves 8 de septiembre. Los alumnos\/as de 1\u00ba de Educaci\u00f3n Infantil tendr\u00e1n un&nbsp;Periodo de Adaptaci\u00f3n: D\u00edas 8, 9 y 12 de septiembre de 11:20 a 13 horas. BANCO DE LIBROS: El d\u00eda 8 de septiembre informaremos de las fechas en la que podr\u00e1n recoger los lotes. Los&nbsp;libros&hellip; <a href=\"https:\/\/www.cralasabina.es\/index.php\/2022\/06\/28\/inicio-curso-2022-2023\/\" class=\"more-link\">Sigue leyendo <span class=\"screen-reader-text\">Inicio curso 2022-2023<\/span><\/a><\/p>\n","protected":false},"author":1,"featured_media":0,"comment_status":"open","ping_status":"open","sticky":false,"template":"","format":"standard","meta":[],"categories":[11],"tags":[],"jetpack_featured_media_url":"","_links":{"self":[{"href":"https:\/\/www.cralasabina.es\/index.php\/wp-json\/wp\/v2\/posts\/5463"}],"collection":[{"href":"https:\/\/www.cralasabina.es\/index.php\/wp-json\/wp\/v2\/posts"}],"about":[{"href":"https:\/\/www.cralasabina.es\/index.php\/wp-json\/wp\/v2\/types\/post"}],"author":[{"embeddable":true,"href":"https:\/\/www.cralasabina.es\/index.php\/wp-json\/wp\/v2\/users\/1"}],"replies":[{"embeddable":true,"href":"https:\/\/www.cralasabina.es\/index.php\/wp-json\/wp\/v2\/comments?post=5463"}],"version-history":[{"count":3,"href":"https:\/\/www.cralasabina.es\/index.php\/wp-json\/wp\/v2\/posts\/5463\/revisions"}],"predecessor-version":[{"id":5466,"href":"https:\/\/www.cralasabina.es\/index.php\/wp-json\/wp\/v2\/posts\/5463\/revisions\/5466"}],"wp:attachment":[{"href":"https:\/\/www.cralasabina.es\/index.php\/wp-json\/wp\/v2\/media?parent=5463"}],"wp:term":[{"taxonomy":"category","embeddable":true,"href":"https:\/\/www.cralasabina.es\/index.php\/wp-json\/wp\/v2\/categories?post=5463"},{"taxonomy":"post_tag","embeddable":true,"href":"https:\/\/www.cralasabina.es\/index.php\/wp-json\/wp\/v2\/tags?post=5463"}],"curies":[{"name":"wp","href":"https:\/\/api.w.org\/{rel}","templated":true}]}}