{"id":6280,"date":"2024-06-26T10:14:12","date_gmt":"2024-06-26T10:14:12","guid":{"rendered":"https:\/\/www.cralasabina.es\/?p=6280"},"modified":"2024-06-26T10:14:13","modified_gmt":"2024-06-26T10:14:13","slug":"inicio-curso-2024-2025","status":"publish","type":"post","link":"https:\/\/www.cralasabina.es\/index.php\/2024\/06\/26\/inicio-curso-2024-2025\/","title":{"rendered":"Inicio curso 2024-2025"},"content":{"rendered":"\n<p>El inicio del nuevo curso escolar ser\u00e1 el lunes 9 de septiembre. <\/p>\n\n\n\n<p>Los alumnos\/as de 1\u00ba de Educaci\u00f3n Infantil tendr\u00e1n un<strong>&nbsp;Periodo de Adaptaci\u00f3n<\/strong>:<\/p>\n\n\n\n<ul>\n<li>Del 9 al 12 de septiembre de 11:20 a 13 horas.<\/li>\n<\/ul>\n\n\n\n<p><strong>BANCO DE LIBROS<\/strong>: El d\u00eda 9 de septiembre informaremos de las fechas en la que podr\u00e1n recoger los lotes. <\/p>\n\n\n\n<p>Los&nbsp;<strong>libros de texto&nbsp;<\/strong>y los materiales para el aula est\u00e1n disponibles en esta web en el apartado de secretar\u00eda.<\/p>\n\n\n\n<p><strong>COMEDOR ESCOLAR\u00a0<\/strong>de Villafranca de Ebro o de Nuez de Ebro: <\/p>\n\n\n\n<p>Todas aquellas familias que quieran hacer uso del servicio de comedor en el curso 2024\/2025 y no lo han comunicado en junio deber\u00e1n inscribirse el d\u00eda<strong> 2 de septiembre<\/strong>\u00a0en secretar\u00eda, llamando por\u00a0<strong>tel\u00e9fono<\/strong>\u00a0al n\u00famero\u00a0<em>976167183<\/em>. Tambi\u00e9n se puede notificar a trav\u00e9s del\u00a0<strong>correo electr\u00f3nico<\/strong>\u00a0\u2013\u00a0<em>cralasabina@cralasabina.es<\/em>\u00a0\u2013 hasta el 2 de septiembre, especificando nombre, apellidos, localidad y fecha de inicio. Los nuevos usuarios deber\u00e1n rellenar una hoja de inscripci\u00f3n que se les entregar\u00e1 al comenzar el curso.<\/p>\n\n\n\n<p>As\u00ed mismo, recordar que los que quieran hacer uso del comedor en&nbsp;<strong>octubre<\/strong>, tendr\u00e1n que inscribirse antes del d\u00eda&nbsp;<strong>15 de septiembre<\/strong>.<\/p>\n\n\n\n<p><strong>AULA MADRUGADORA\u00a0<\/strong>de Villafranca de Ebro o de Nuez de Ebro: <\/p>\n\n\n\n<p>Las familias que quieran hacer uso del aula madrugadora deber\u00e1n inscribirse a trav\u00e9s del <strong>correo electr\u00f3nico<\/strong>&nbsp;\u2013&nbsp;<em>cralasabina@cralasabina.es<\/em>&nbsp;\u2013 hasta el 4 de septiembre, especificando nombre, apellidos, localidad y fecha de inicio. <\/p>\n\n<div class=\"twitter-share\"><a href=\"https:\/\/twitter.com\/intent\/tweet?via=cralasabina\" class=\"twitter-share-button\">Twittear<\/a><\/div>\n","protected":false},"excerpt":{"rendered":"<p>El inicio del nuevo curso escolar ser\u00e1 el lunes 9 de septiembre. Los alumnos\/as de 1\u00ba de Educaci\u00f3n Infantil tendr\u00e1n un&nbsp;Periodo de Adaptaci\u00f3n: BANCO DE LIBROS: El d\u00eda 9 de septiembre informaremos de las fechas en la que podr\u00e1n recoger los lotes. Los&nbsp;libros de texto&nbsp;y los materiales para el aula est\u00e1n disponibles en esta web&hellip; <a href=\"https:\/\/www.cralasabina.es\/index.php\/2024\/06\/26\/inicio-curso-2024-2025\/\" class=\"more-link\">Sigue leyendo <span class=\"screen-reader-text\">Inicio curso 2024-2025<\/span><\/a><\/p>\n","protected":false},"author":1,"featured_media":0,"comment_status":"open","ping_status":"open","sticky":false,"template":"","format":"standard","meta":[],"categories":[11,12],"tags":[],"jetpack_featured_media_url":"","_links":{"self":[{"href":"https:\/\/www.cralasabina.es\/index.php\/wp-json\/wp\/v2\/posts\/6280"}],"collection":[{"href":"https:\/\/www.cralasabina.es\/index.php\/wp-json\/wp\/v2\/posts"}],"about":[{"href":"https:\/\/www.cralasabina.es\/index.php\/wp-json\/wp\/v2\/types\/post"}],"author":[{"embeddable":true,"href":"https:\/\/www.cralasabina.es\/index.php\/wp-json\/wp\/v2\/users\/1"}],"replies":[{"embeddable":true,"href":"https:\/\/www.cralasabina.es\/index.php\/wp-json\/wp\/v2\/comments?post=6280"}],"version-history":[{"count":1,"href":"https:\/\/www.cralasabina.es\/index.php\/wp-json\/wp\/v2\/posts\/6280\/revisions"}],"predecessor-version":[{"id":6281,"href":"https:\/\/www.cralasabina.es\/index.php\/wp-json\/wp\/v2\/posts\/6280\/revisions\/6281"}],"wp:attachment":[{"href":"https:\/\/www.cralasabina.es\/index.php\/wp-json\/wp\/v2\/media?parent=6280"}],"wp:term":[{"taxonomy":"category","embeddable":true,"href":"https:\/\/www.cralasabina.es\/index.php\/wp-json\/wp\/v2\/categories?post=6280"},{"taxonomy":"post_tag","embeddable":true,"href":"https:\/\/www.cralasabina.es\/index.php\/wp-json\/wp\/v2\/tags?post=6280"}],"curies":[{"name":"wp","href":"https:\/\/api.w.org\/{rel}","templated":true}]}}