{"id":6649,"date":"2025-02-03T07:23:21","date_gmt":"2025-02-03T07:23:21","guid":{"rendered":"https:\/\/www.cralasabina.es\/?p=6649"},"modified":"2025-02-03T07:23:22","modified_gmt":"2025-02-03T07:23:22","slug":"disciplina-positiva-charla-en-nuez-de-ebro","status":"publish","type":"post","link":"https:\/\/www.cralasabina.es\/index.php\/2025\/02\/03\/disciplina-positiva-charla-en-nuez-de-ebro\/","title":{"rendered":"\u00abDISCIPLINA POSITIVA\u00bb: CHARLA EN NUEZ DE EBRO"},"content":{"rendered":"\n<p>El jueves 30 de enero de 2025 la Asociaci\u00f3n de Madres y Padres del colegio p\u00fablico de Nuez de Ebro organiz\u00f3 una charla sobre \u201cDisciplina positiva\u201d dinamizada por Beatriz Palacios Bayona, psic\u00f3loga cl\u00ednica e industrial, especializada en Psicoterapia infanto-juvenil. Gracias a FAPAR, esta charla gratuita aport\u00f3 a las personas asistentes algunas pautas para prevenir y resolver conflictos, mediante una mejor conexi\u00f3n con las emociones, tener calma, cuidar la comunicaci\u00f3n y la confianza, proporcionar calidez y comprensi\u00f3n, motivar y controlar los impulsos, entre otras.<\/p>\n\n\n\n<p>La pr\u00f3xima charla organizada por el AMPA y en colaboraci\u00f3n con FAPAR tendr\u00e1 lugar el martes 25 de febrero de 2025 de 17 a 18.30 horas en el colegio p\u00fablico de Nuez y ser\u00e1 sobre \u201cNormas y l\u00edmites\u201d, para aprender a convivir y construir un lugar adulto desde el ejercicio de una autoridad saludable. Una sesi\u00f3n gratuita y abierta a todas las personas interesadas que impartir\u00e1 Roc\u00edo Tapiador, que ya ha visitado nuestro pueblo en otras ocasiones, de la Metodolog\u00eda de los Procesos Correctores Comunitarios (ProCC). &nbsp;\u00a1Os esperamos!<\/p>\n\n\n\n<figure class=\"is-layout-flex wp-block-gallery-1 wp-block-gallery has-nested-images columns-default is-cropped\">\n<figure class=\"wp-block-image size-large\"><img decoding=\"async\" loading=\"lazy\" width=\"825\" height=\"619\" data-id=\"6651\"  src=\"https:\/\/i0.wp.com\/www.cralasabina.es\/wp-content\/uploads\/2025\/02\/WhatsApp-Image-2025-01-31-at-10.14.091.jpeg?resize=825%2C619&#038;ssl=1\" alt=\"\" class=\"wp-image-6651\" srcset=\"https:\/\/i0.wp.com\/www.cralasabina.es\/wp-content\/uploads\/2025\/02\/WhatsApp-Image-2025-01-31-at-10.14.091.jpeg?resize=1024%2C768&amp;ssl=1 1024w, https:\/\/i0.wp.com\/www.cralasabina.es\/wp-content\/uploads\/2025\/02\/WhatsApp-Image-2025-01-31-at-10.14.091.jpeg?resize=300%2C225&amp;ssl=1 300w, https:\/\/i0.wp.com\/www.cralasabina.es\/wp-content\/uploads\/2025\/02\/WhatsApp-Image-2025-01-31-at-10.14.091.jpeg?resize=768%2C576&amp;ssl=1 768w, https:\/\/i0.wp.com\/www.cralasabina.es\/wp-content\/uploads\/2025\/02\/WhatsApp-Image-2025-01-31-at-10.14.091.jpeg?resize=1536%2C1152&amp;ssl=1 1536w, https:\/\/i0.wp.com\/www.cralasabina.es\/wp-content\/uploads\/2025\/02\/WhatsApp-Image-2025-01-31-at-10.14.091.jpeg?w=1600&amp;ssl=1 1600w\" sizes=\"(max-width: 825px) 100vw, 825px\" data-recalc-dims=\"1\" \/><\/figure>\n\n\n\n<figure class=\"wp-block-image size-large\"><img decoding=\"async\" loading=\"lazy\" width=\"825\" height=\"619\" data-id=\"6650\"  src=\"https:\/\/i0.wp.com\/www.cralasabina.es\/wp-content\/uploads\/2025\/02\/WhatsApp-Image-2025-01-31-at-10.14.09.jpeg?resize=825%2C619&#038;ssl=1\" alt=\"\" class=\"wp-image-6650\" srcset=\"https:\/\/i0.wp.com\/www.cralasabina.es\/wp-content\/uploads\/2025\/02\/WhatsApp-Image-2025-01-31-at-10.14.09.jpeg?resize=1024%2C768&amp;ssl=1 1024w, https:\/\/i0.wp.com\/www.cralasabina.es\/wp-content\/uploads\/2025\/02\/WhatsApp-Image-2025-01-31-at-10.14.09.jpeg?resize=300%2C225&amp;ssl=1 300w, https:\/\/i0.wp.com\/www.cralasabina.es\/wp-content\/uploads\/2025\/02\/WhatsApp-Image-2025-01-31-at-10.14.09.jpeg?resize=768%2C576&amp;ssl=1 768w, https:\/\/i0.wp.com\/www.cralasabina.es\/wp-content\/uploads\/2025\/02\/WhatsApp-Image-2025-01-31-at-10.14.09.jpeg?resize=1536%2C1152&amp;ssl=1 1536w, https:\/\/i0.wp.com\/www.cralasabina.es\/wp-content\/uploads\/2025\/02\/WhatsApp-Image-2025-01-31-at-10.14.09.jpeg?w=1600&amp;ssl=1 1600w\" sizes=\"(max-width: 825px) 100vw, 825px\" data-recalc-dims=\"1\" \/><\/figure>\n<\/figure>\n\n<div class=\"twitter-share\"><a href=\"https:\/\/twitter.com\/intent\/tweet?via=cralasabina\" class=\"twitter-share-button\">Twittear<\/a><\/div>\n","protected":false},"excerpt":{"rendered":"<p>El jueves 30 de enero de 2025 la Asociaci\u00f3n de Madres y Padres del colegio p\u00fablico de Nuez de Ebro organiz\u00f3 una charla sobre \u201cDisciplina positiva\u201d dinamizada por Beatriz Palacios Bayona, psic\u00f3loga cl\u00ednica e industrial, especializada en Psicoterapia infanto-juvenil. Gracias a FAPAR, esta charla gratuita aport\u00f3 a las personas asistentes algunas pautas para prevenir y&hellip; <a href=\"https:\/\/www.cralasabina.es\/index.php\/2025\/02\/03\/disciplina-positiva-charla-en-nuez-de-ebro\/\" class=\"more-link\">Sigue leyendo <span class=\"screen-reader-text\">\u00abDISCIPLINA POSITIVA\u00bb: CHARLA EN NUEZ DE EBRO<\/span><\/a><\/p>\n","protected":false},"author":1,"featured_media":0,"comment_status":"open","ping_status":"open","sticky":false,"template":"","format":"standard","meta":[],"categories":[4,6],"tags":[],"jetpack_featured_media_url":"","_links":{"self":[{"href":"https:\/\/www.cralasabina.es\/index.php\/wp-json\/wp\/v2\/posts\/6649"}],"collection":[{"href":"https:\/\/www.cralasabina.es\/index.php\/wp-json\/wp\/v2\/posts"}],"about":[{"href":"https:\/\/www.cralasabina.es\/index.php\/wp-json\/wp\/v2\/types\/post"}],"author":[{"embeddable":true,"href":"https:\/\/www.cralasabina.es\/index.php\/wp-json\/wp\/v2\/users\/1"}],"replies":[{"embeddable":true,"href":"https:\/\/www.cralasabina.es\/index.php\/wp-json\/wp\/v2\/comments?post=6649"}],"version-history":[{"count":1,"href":"https:\/\/www.cralasabina.es\/index.php\/wp-json\/wp\/v2\/posts\/6649\/revisions"}],"predecessor-version":[{"id":6652,"href":"https:\/\/www.cralasabina.es\/index.php\/wp-json\/wp\/v2\/posts\/6649\/revisions\/6652"}],"wp:attachment":[{"href":"https:\/\/www.cralasabina.es\/index.php\/wp-json\/wp\/v2\/media?parent=6649"}],"wp:term":[{"taxonomy":"category","embeddable":true,"href":"https:\/\/www.cralasabina.es\/index.php\/wp-json\/wp\/v2\/categories?post=6649"},{"taxonomy":"post_tag","embeddable":true,"href":"https:\/\/www.cralasabina.es\/index.php\/wp-json\/wp\/v2\/tags?post=6649"}],"curies":[{"name":"wp","href":"https:\/\/api.w.org\/{rel}","templated":true}]}}