{"id":6675,"date":"2025-02-19T11:57:14","date_gmt":"2025-02-19T11:57:14","guid":{"rendered":"https:\/\/www.cralasabina.es\/?p=6675"},"modified":"2025-02-19T11:57:15","modified_gmt":"2025-02-19T11:57:15","slug":"informe-global-de-la-evaluacion-de-diagnostico","status":"publish","type":"post","link":"https:\/\/www.cralasabina.es\/index.php\/2025\/02\/19\/informe-global-de-la-evaluacion-de-diagnostico\/","title":{"rendered":"Informe Global de la Evaluaci\u00f3n de Diagn\u00f3stico"},"content":{"rendered":"\n<p>Ya est\u00e1 publicado en la p\u00e1gina web de CEFyCA el Informe Global de la Evaluaci\u00f3n de Diagn\u00f3stico aplicada al alumnado de 4\u00ba de Educaci\u00f3n Primaria. Puedes consultar el informe adjunto:<\/p>\n\n\n\n<p><em><a href=\"https:\/\/drive.google.com\/file\/d\/1KwoIPTUXqqgKvxzx9iEeN4HmK4earKDJ\/view?usp=sharing\">Informe Global de la Evaluaci\u00f3n de Di\u00e1gnostico 2024<\/a><\/em><\/p>\n\n<div class=\"twitter-share\"><a href=\"https:\/\/twitter.com\/intent\/tweet?via=cralasabina\" class=\"twitter-share-button\">Twittear<\/a><\/div>\n","protected":false},"excerpt":{"rendered":"<p>Ya est\u00e1 publicado en la p\u00e1gina web de CEFyCA el Informe Global de la Evaluaci\u00f3n de Diagn\u00f3stico aplicada al alumnado de 4\u00ba de Educaci\u00f3n Primaria. Puedes consultar el informe adjunto: Informe Global de la Evaluaci\u00f3n de Di\u00e1gnostico 2024<\/p>\n","protected":false},"author":1,"featured_media":0,"comment_status":"open","ping_status":"open","sticky":false,"template":"","format":"standard","meta":[],"categories":[1],"tags":[],"jetpack_featured_media_url":"","_links":{"self":[{"href":"https:\/\/www.cralasabina.es\/index.php\/wp-json\/wp\/v2\/posts\/6675"}],"collection":[{"href":"https:\/\/www.cralasabina.es\/index.php\/wp-json\/wp\/v2\/posts"}],"about":[{"href":"https:\/\/www.cralasabina.es\/index.php\/wp-json\/wp\/v2\/types\/post"}],"author":[{"embeddable":true,"href":"https:\/\/www.cralasabina.es\/index.php\/wp-json\/wp\/v2\/users\/1"}],"replies":[{"embeddable":true,"href":"https:\/\/www.cralasabina.es\/index.php\/wp-json\/wp\/v2\/comments?post=6675"}],"version-history":[{"count":1,"href":"https:\/\/www.cralasabina.es\/index.php\/wp-json\/wp\/v2\/posts\/6675\/revisions"}],"predecessor-version":[{"id":6676,"href":"https:\/\/www.cralasabina.es\/index.php\/wp-json\/wp\/v2\/posts\/6675\/revisions\/6676"}],"wp:attachment":[{"href":"https:\/\/www.cralasabina.es\/index.php\/wp-json\/wp\/v2\/media?parent=6675"}],"wp:term":[{"taxonomy":"category","embeddable":true,"href":"https:\/\/www.cralasabina.es\/index.php\/wp-json\/wp\/v2\/categories?post=6675"},{"taxonomy":"post_tag","embeddable":true,"href":"https:\/\/www.cralasabina.es\/index.php\/wp-json\/wp\/v2\/tags?post=6675"}],"curies":[{"name":"wp","href":"https:\/\/api.w.org\/{rel}","templated":true}]}}