{"id":6946,"date":"2025-04-11T09:45:57","date_gmt":"2025-04-11T09:45:57","guid":{"rendered":"https:\/\/www.cralasabina.es\/?p=6946"},"modified":"2025-05-14T07:41:47","modified_gmt":"2025-05-14T07:41:47","slug":"proceso-de-escolarizacion-curso-2025-2026-2","status":"publish","type":"post","link":"https:\/\/www.cralasabina.es\/index.php\/2025\/04\/11\/proceso-de-escolarizacion-curso-2025-2026-2\/","title":{"rendered":"Proceso de Escolarizaci\u00f3n curso 2025-2026"},"content":{"rendered":"\n<p>Se informa que el plazo para la <strong>presentaci\u00f3n de solicitudes<\/strong> estar\u00e1 abierto desde las 9:00 horas del <strong>24 de abril <\/strong>hasta las 14:00 horas del <strong>5 de mayo<\/strong>, ambos d\u00edas inclusive. <br>Las familias con hijos e hijas nacidos en el a\u00f1o 2022, as\u00ed como el alumnado nuevo de otras edades, deber\u00e1n cumplimentar y presentar las solicitudes <strong>exclusivamente por medios electr\u00f3nicos<\/strong>, a trav\u00e9s del portal del Departamento de Educaci\u00f3n:<\/p>\n\n\n\n<p><a href=\"https:\/\/educa.aragon.es\/admision\">https:\/\/educa.aragon.es\/admision<\/a><\/p>\n\n\n\n<p><em><a href=\"https:\/\/drive.google.com\/file\/d\/1aLjGNTY9XM55qAV_N7TWMYdiYTWzIYp1\/view?usp=sharing\">folleto informativo<\/a><\/em><\/p>\n\n\n\n<p>Despu\u00e9s de presentar la solicitud, y una vez publicadas las listas definitivas de admitidos\/as el 22 de mayo, ser\u00e1 necesario realizar el <strong>proceso de matr\u00edcula<\/strong>. Proporcionaremos informaci\u00f3n detallada sobre este procedimiento en una fecha posterior.<\/p>\n\n\n\n<p>Las fechas para matricular al nuevo alumnado de Infantil y 1\u00ba de Primaria es desde el <strong>lunes 2 hasta el martes 10 de junio<\/strong>.<\/p>\n\n\n\n<p>Las fechas para matricular al nuevo alumnado de 2\u00ba a 6\u00ba de Primaria es desde el <strong>lunes 23 hasta el jueves 26 de junio.<\/strong><\/p>\n\n\n\n<p>Para cualquier consulta, os atenderemos en el centro a trav\u00e9s del correo&nbsp;electr\u00f3nico: <em>cralasabina@cralasabina.es<\/em>&nbsp;<\/p>\n\n<div class=\"twitter-share\"><a href=\"https:\/\/twitter.com\/intent\/tweet?via=cralasabina\" class=\"twitter-share-button\">Twittear<\/a><\/div>\n","protected":false},"excerpt":{"rendered":"<p>Se informa que el plazo para la presentaci\u00f3n de solicitudes estar\u00e1 abierto desde las 9:00 horas del 24 de abril hasta las 14:00 horas del 5 de mayo, ambos d\u00edas inclusive. Las familias con hijos e hijas nacidos en el a\u00f1o 2022, as\u00ed como el alumnado nuevo de otras edades, deber\u00e1n cumplimentar y presentar las&hellip; <a href=\"https:\/\/www.cralasabina.es\/index.php\/2025\/04\/11\/proceso-de-escolarizacion-curso-2025-2026-2\/\" class=\"more-link\">Sigue leyendo <span class=\"screen-reader-text\">Proceso de Escolarizaci\u00f3n curso 2025-2026<\/span><\/a><\/p>\n","protected":false},"author":1,"featured_media":0,"comment_status":"open","ping_status":"open","sticky":false,"template":"","format":"standard","meta":[],"categories":[11],"tags":[],"jetpack_featured_media_url":"","_links":{"self":[{"href":"https:\/\/www.cralasabina.es\/index.php\/wp-json\/wp\/v2\/posts\/6946"}],"collection":[{"href":"https:\/\/www.cralasabina.es\/index.php\/wp-json\/wp\/v2\/posts"}],"about":[{"href":"https:\/\/www.cralasabina.es\/index.php\/wp-json\/wp\/v2\/types\/post"}],"author":[{"embeddable":true,"href":"https:\/\/www.cralasabina.es\/index.php\/wp-json\/wp\/v2\/users\/1"}],"replies":[{"embeddable":true,"href":"https:\/\/www.cralasabina.es\/index.php\/wp-json\/wp\/v2\/comments?post=6946"}],"version-history":[{"count":3,"href":"https:\/\/www.cralasabina.es\/index.php\/wp-json\/wp\/v2\/posts\/6946\/revisions"}],"predecessor-version":[{"id":6961,"href":"https:\/\/www.cralasabina.es\/index.php\/wp-json\/wp\/v2\/posts\/6946\/revisions\/6961"}],"wp:attachment":[{"href":"https:\/\/www.cralasabina.es\/index.php\/wp-json\/wp\/v2\/media?parent=6946"}],"wp:term":[{"taxonomy":"category","embeddable":true,"href":"https:\/\/www.cralasabina.es\/index.php\/wp-json\/wp\/v2\/categories?post=6946"},{"taxonomy":"post_tag","embeddable":true,"href":"https:\/\/www.cralasabina.es\/index.php\/wp-json\/wp\/v2\/tags?post=6946"}],"curies":[{"name":"wp","href":"https:\/\/api.w.org\/{rel}","templated":true}]}}