{"id":7108,"date":"2025-10-20T08:13:06","date_gmt":"2025-10-20T08:13:06","guid":{"rendered":"https:\/\/www.cralasabina.es\/?p=7108"},"modified":"2025-10-20T08:13:07","modified_gmt":"2025-10-20T08:13:07","slug":"los-cabezudos-llegan-al-cole-por-las-fiestas-del-pilar","status":"publish","type":"post","link":"https:\/\/www.cralasabina.es\/index.php\/2025\/10\/20\/los-cabezudos-llegan-al-cole-por-las-fiestas-del-pilar\/","title":{"rendered":"LOS CABEZUDOS LLEGAN AL COLE POR LAS FIESTAS DEL PILAR"},"content":{"rendered":"\n<p>Con motivo de las Fiestas del Pilar, los ni\u00f1os y ni\u00f1as de Infantil de<br>Villafranca de Ebro hemos trabajado en un proyecto muy divertido y<br>lleno de tradici\u00f3n: \u201cLos Cabezudos de Zaragoza\u201d.<\/p>\n\n\n\n<p>Durante varios d\u00edas, aprendimos qui\u00e9nes son los cabezudos que desfilan<br>por las calles en las fiestas \u2014como el Forano, la Forana, el Berrug\u00f3n<br>o la Pilara\u2014 y descubrimos sus canciones y personajes. Con todo lo que<br>aprendimos, creamos un librito con todos los cabezudos, incluyendo<br>c\u00f3digos QR para escuchar las canciones que cantamos e interpretamos<br>nosotros mismos.<\/p>\n\n\n\n<p>Adem\u00e1s, preparamos un rinc\u00f3n especial del aula dedicado a los<br>cabezudos, con dibujos y fotos, para seguir disfrutando de ellos cada<br>d\u00eda.<\/p>\n\n\n\n<p>Fue una experiencia muy bonita que nos ayud\u00f3 a conocer mejor nuestras<br>fiestas, a cantar, a re\u00edr y a sentirnos parte de la tradici\u00f3n. \u00a1Viva<br>el Pilar y los cabezudos!<\/p>\n\n\n\n<figure class=\"is-layout-flex wp-block-gallery-1 wp-block-gallery has-nested-images columns-default is-cropped\">\n<figure class=\"wp-block-image size-large\"><img decoding=\"async\" loading=\"lazy\" width=\"825\" height=\"619\" data-id=\"7110\"  src=\"https:\/\/i0.wp.com\/www.cralasabina.es\/wp-content\/uploads\/2025\/10\/IMG_4342.jpg?resize=825%2C619&#038;ssl=1\" alt=\"\" class=\"wp-image-7110\" srcset=\"https:\/\/i0.wp.com\/www.cralasabina.es\/wp-content\/uploads\/2025\/10\/IMG_4342-scaled.jpg?resize=1024%2C768&amp;ssl=1 1024w, https:\/\/i0.wp.com\/www.cralasabina.es\/wp-content\/uploads\/2025\/10\/IMG_4342-scaled.jpg?resize=300%2C225&amp;ssl=1 300w, https:\/\/i0.wp.com\/www.cralasabina.es\/wp-content\/uploads\/2025\/10\/IMG_4342-scaled.jpg?resize=768%2C576&amp;ssl=1 768w, https:\/\/i0.wp.com\/www.cralasabina.es\/wp-content\/uploads\/2025\/10\/IMG_4342-scaled.jpg?resize=1536%2C1152&amp;ssl=1 1536w, https:\/\/i0.wp.com\/www.cralasabina.es\/wp-content\/uploads\/2025\/10\/IMG_4342-scaled.jpg?resize=2048%2C1536&amp;ssl=1 2048w, https:\/\/i0.wp.com\/www.cralasabina.es\/wp-content\/uploads\/2025\/10\/IMG_4342-scaled.jpg?w=1650&amp;ssl=1 1650w, https:\/\/i0.wp.com\/www.cralasabina.es\/wp-content\/uploads\/2025\/10\/IMG_4342-scaled.jpg?w=2475&amp;ssl=1 2475w\" sizes=\"(max-width: 825px) 100vw, 825px\" data-recalc-dims=\"1\" \/><\/figure>\n\n\n\n<figure class=\"wp-block-image size-large\"><img decoding=\"async\" loading=\"lazy\" width=\"825\" height=\"619\" data-id=\"7109\"  src=\"https:\/\/i0.wp.com\/www.cralasabina.es\/wp-content\/uploads\/2025\/10\/IMG_4340.jpg?resize=825%2C619&#038;ssl=1\" alt=\"\" class=\"wp-image-7109\" srcset=\"https:\/\/i0.wp.com\/www.cralasabina.es\/wp-content\/uploads\/2025\/10\/IMG_4340-scaled.jpg?resize=1024%2C768&amp;ssl=1 1024w, https:\/\/i0.wp.com\/www.cralasabina.es\/wp-content\/uploads\/2025\/10\/IMG_4340-scaled.jpg?resize=300%2C225&amp;ssl=1 300w, https:\/\/i0.wp.com\/www.cralasabina.es\/wp-content\/uploads\/2025\/10\/IMG_4340-scaled.jpg?resize=768%2C576&amp;ssl=1 768w, https:\/\/i0.wp.com\/www.cralasabina.es\/wp-content\/uploads\/2025\/10\/IMG_4340-scaled.jpg?resize=1536%2C1152&amp;ssl=1 1536w, https:\/\/i0.wp.com\/www.cralasabina.es\/wp-content\/uploads\/2025\/10\/IMG_4340-scaled.jpg?resize=2048%2C1536&amp;ssl=1 2048w, https:\/\/i0.wp.com\/www.cralasabina.es\/wp-content\/uploads\/2025\/10\/IMG_4340-scaled.jpg?w=1650&amp;ssl=1 1650w, https:\/\/i0.wp.com\/www.cralasabina.es\/wp-content\/uploads\/2025\/10\/IMG_4340-scaled.jpg?w=2475&amp;ssl=1 2475w\" sizes=\"(max-width: 825px) 100vw, 825px\" data-recalc-dims=\"1\" \/><\/figure>\n\n\n\n<figure class=\"wp-block-image size-large\"><img decoding=\"async\" loading=\"lazy\" width=\"825\" height=\"619\" data-id=\"7111\"  src=\"https:\/\/i0.wp.com\/www.cralasabina.es\/wp-content\/uploads\/2025\/10\/IMG_4341.jpg?resize=825%2C619&#038;ssl=1\" alt=\"\" class=\"wp-image-7111\" srcset=\"https:\/\/i0.wp.com\/www.cralasabina.es\/wp-content\/uploads\/2025\/10\/IMG_4341-scaled.jpg?resize=1024%2C768&amp;ssl=1 1024w, https:\/\/i0.wp.com\/www.cralasabina.es\/wp-content\/uploads\/2025\/10\/IMG_4341-scaled.jpg?resize=300%2C225&amp;ssl=1 300w, https:\/\/i0.wp.com\/www.cralasabina.es\/wp-content\/uploads\/2025\/10\/IMG_4341-scaled.jpg?resize=768%2C576&amp;ssl=1 768w, https:\/\/i0.wp.com\/www.cralasabina.es\/wp-content\/uploads\/2025\/10\/IMG_4341-scaled.jpg?resize=1536%2C1152&amp;ssl=1 1536w, https:\/\/i0.wp.com\/www.cralasabina.es\/wp-content\/uploads\/2025\/10\/IMG_4341-scaled.jpg?resize=2048%2C1536&amp;ssl=1 2048w, https:\/\/i0.wp.com\/www.cralasabina.es\/wp-content\/uploads\/2025\/10\/IMG_4341-scaled.jpg?w=1650&amp;ssl=1 1650w, https:\/\/i0.wp.com\/www.cralasabina.es\/wp-content\/uploads\/2025\/10\/IMG_4341-scaled.jpg?w=2475&amp;ssl=1 2475w\" sizes=\"(max-width: 825px) 100vw, 825px\" data-recalc-dims=\"1\" \/><\/figure>\n<\/figure>\n\n<div class=\"twitter-share\"><a href=\"https:\/\/twitter.com\/intent\/tweet?via=cralasabina\" class=\"twitter-share-button\">Twittear<\/a><\/div>\n","protected":false},"excerpt":{"rendered":"<p>Con motivo de las Fiestas del Pilar, los ni\u00f1os y ni\u00f1as de Infantil deVillafranca de Ebro hemos trabajado en un proyecto muy divertido ylleno de tradici\u00f3n: \u201cLos Cabezudos de Zaragoza\u201d. Durante varios d\u00edas, aprendimos qui\u00e9nes son los cabezudos que desfilanpor las calles en las fiestas \u2014como el Forano, la Forana, el Berrug\u00f3no la Pilara\u2014 y&hellip; <a href=\"https:\/\/www.cralasabina.es\/index.php\/2025\/10\/20\/los-cabezudos-llegan-al-cole-por-las-fiestas-del-pilar\/\" class=\"more-link\">Sigue leyendo <span class=\"screen-reader-text\">LOS CABEZUDOS LLEGAN AL COLE POR LAS FIESTAS DEL PILAR<\/span><\/a><\/p>\n","protected":false},"author":1,"featured_media":0,"comment_status":"open","ping_status":"open","sticky":false,"template":"","format":"standard","meta":[],"categories":[4,13],"tags":[],"jetpack_featured_media_url":"","_links":{"self":[{"href":"https:\/\/www.cralasabina.es\/index.php\/wp-json\/wp\/v2\/posts\/7108"}],"collection":[{"href":"https:\/\/www.cralasabina.es\/index.php\/wp-json\/wp\/v2\/posts"}],"about":[{"href":"https:\/\/www.cralasabina.es\/index.php\/wp-json\/wp\/v2\/types\/post"}],"author":[{"embeddable":true,"href":"https:\/\/www.cralasabina.es\/index.php\/wp-json\/wp\/v2\/users\/1"}],"replies":[{"embeddable":true,"href":"https:\/\/www.cralasabina.es\/index.php\/wp-json\/wp\/v2\/comments?post=7108"}],"version-history":[{"count":1,"href":"https:\/\/www.cralasabina.es\/index.php\/wp-json\/wp\/v2\/posts\/7108\/revisions"}],"predecessor-version":[{"id":7112,"href":"https:\/\/www.cralasabina.es\/index.php\/wp-json\/wp\/v2\/posts\/7108\/revisions\/7112"}],"wp:attachment":[{"href":"https:\/\/www.cralasabina.es\/index.php\/wp-json\/wp\/v2\/media?parent=7108"}],"wp:term":[{"taxonomy":"category","embeddable":true,"href":"https:\/\/www.cralasabina.es\/index.php\/wp-json\/wp\/v2\/categories?post=7108"},{"taxonomy":"post_tag","embeddable":true,"href":"https:\/\/www.cralasabina.es\/index.php\/wp-json\/wp\/v2\/tags?post=7108"}],"curies":[{"name":"wp","href":"https:\/\/api.w.org\/{rel}","templated":true}]}}