{"id":7404,"date":"2026-04-28T06:49:46","date_gmt":"2026-04-28T06:49:46","guid":{"rendered":"https:\/\/www.cralasabina.es\/?p=7404"},"modified":"2026-04-28T06:49:47","modified_gmt":"2026-04-28T06:49:47","slug":"un-magico-viaje-por-nuestras-jornadas-culturales-en-farlete","status":"publish","type":"post","link":"https:\/\/www.cralasabina.es\/index.php\/2026\/04\/28\/un-magico-viaje-por-nuestras-jornadas-culturales-en-farlete\/","title":{"rendered":"<strong>\u00a1Un m\u00e1gico viaje por nuestras Jornadas Culturales en Farlete!<\/strong>"},"content":{"rendered":"\n<p>\u00a1Hola a tod@s! Durante la semana pasada, entre los d\u00edas 20 y 22 de abril, vivimos unos d\u00edas muy especiales en el cole. Aprovechando que se acercaba el <strong>D\u00eda del Libro<\/strong> y la celebraci\u00f3n de nuestro <strong>D\u00eda de Arag\u00f3n<\/strong>, dedicamos nuestras jornadas a un mundo fascinante: <strong>los cuentos y las leyendas<\/strong>.<\/p>\n\n\n\n<p><strong>Un Jorge y un drag\u00f3n diferentes<\/strong><\/p>\n\n\n\n<p>Empezamos nuestra aventura con la historia m\u00e1s conocida: <strong>San Jorge y el drag\u00f3n<\/strong>. Pero \u00a1ojo!, no nos quedamos solo con el cuento de siempre. Tambi\u00e9n le\u00edmos versiones muy divertidas y disparatadas donde los personajes no hac\u00edan lo mismo de siempre.<\/p>\n\n\n\n<p>Gracias a estos libros, descubrimos que:<\/p>\n\n\n\n<ul>\n<li><strong>Hay otras soluciones:<\/strong> Aprendimos que, a veces, es m\u00e1s divertido y eficaz buscar ideas ingeniosas que pelear para solucionar los problemas.<\/li>\n\n\n\n<li><strong>No juzgues a primera vista:<\/strong> Aprendimos lo importante que es conocernos bien los unos a los otros, sin etiquetas, para poder hacer mejores amigos.<\/li>\n<\/ul>\n\n\n\n<p><strong>Gigantes, ninfas y dioses en nuestras monta\u00f1as<\/strong><\/p>\n\n\n\n<p>Adem\u00e1s, viajamos hasta lo m\u00e1s alto de nuestras monta\u00f1as para conocer leyendas aragonesas antiguas y misteriosas, como la de <strong>Pirene y los Pirineos<\/strong> y la <strong>leyenda del Aneto<\/strong>.<\/p>\n\n\n\n<p>\u00bfSab\u00edais que, seg\u00fan cuentan los habitantes de los valles pirenaicos, el relieve de nuestra tierra fue formado por dioses, ninfas y gigantes? Fue m\u00e1gico imaginar c\u00f3mo esos seres mitol\u00f3gicos participaron en la creaci\u00f3n de nuestras monta\u00f1as, esas formas tan maravillosas que hoy podemos disfrutar.<\/p>\n\n\n\n<p>\u00a1Han sido unos d\u00edas intensos, llenos de imaginaci\u00f3n y muchas ganas de seguir conociendo nuevas historias!<\/p>\n\n\n\n<figure class=\"wp-block-image size-full\"><img decoding=\"async\" loading=\"lazy\" width=\"796\" height=\"599\" src=\"https:\/\/i0.wp.com\/www.cralasabina.es\/wp-content\/uploads\/2026\/04\/image-1.png?resize=796%2C599&#038;ssl=1\" alt=\"\" class=\"wp-image-7405\" srcset=\"https:\/\/i0.wp.com\/www.cralasabina.es\/wp-content\/uploads\/2026\/04\/image-1.png?w=796&amp;ssl=1 796w, https:\/\/i0.wp.com\/www.cralasabina.es\/wp-content\/uploads\/2026\/04\/image-1.png?resize=300%2C226&amp;ssl=1 300w, https:\/\/i0.wp.com\/www.cralasabina.es\/wp-content\/uploads\/2026\/04\/image-1.png?resize=768%2C578&amp;ssl=1 768w\" sizes=\"(max-width: 796px) 100vw, 796px\" data-recalc-dims=\"1\" \/><\/figure>\n\n\n\n<figure class=\"wp-block-image size-full\"><img decoding=\"async\" loading=\"lazy\" width=\"804\" height=\"606\" src=\"https:\/\/i0.wp.com\/www.cralasabina.es\/wp-content\/uploads\/2026\/04\/image-2.png?resize=804%2C606&#038;ssl=1\" alt=\"\" class=\"wp-image-7406\" srcset=\"https:\/\/i0.wp.com\/www.cralasabina.es\/wp-content\/uploads\/2026\/04\/image-2.png?w=804&amp;ssl=1 804w, https:\/\/i0.wp.com\/www.cralasabina.es\/wp-content\/uploads\/2026\/04\/image-2.png?resize=300%2C226&amp;ssl=1 300w, https:\/\/i0.wp.com\/www.cralasabina.es\/wp-content\/uploads\/2026\/04\/image-2.png?resize=768%2C579&amp;ssl=1 768w\" sizes=\"(max-width: 804px) 100vw, 804px\" data-recalc-dims=\"1\" \/><\/figure>\n\n<div class=\"twitter-share\"><a href=\"https:\/\/twitter.com\/intent\/tweet?via=cralasabina\" class=\"twitter-share-button\">Twittear<\/a><\/div>\n","protected":false},"excerpt":{"rendered":"<p>\u00a1Hola a tod@s! Durante la semana pasada, entre los d\u00edas 20 y 22 de abril, vivimos unos d\u00edas muy especiales en el cole. Aprovechando que se acercaba el D\u00eda del Libro y la celebraci\u00f3n de nuestro D\u00eda de Arag\u00f3n, dedicamos nuestras jornadas a un mundo fascinante: los cuentos y las leyendas. Un Jorge y un&hellip; <a href=\"https:\/\/www.cralasabina.es\/index.php\/2026\/04\/28\/un-magico-viaje-por-nuestras-jornadas-culturales-en-farlete\/\" class=\"more-link\">Sigue leyendo <span class=\"screen-reader-text\">\u00a1Un m\u00e1gico viaje por nuestras Jornadas Culturales en Farlete!<\/span><\/a><\/p>\n","protected":false},"author":1,"featured_media":0,"comment_status":"open","ping_status":"open","sticky":false,"template":"","format":"standard","meta":[],"categories":[4],"tags":[],"jetpack_featured_media_url":"","_links":{"self":[{"href":"https:\/\/www.cralasabina.es\/index.php\/wp-json\/wp\/v2\/posts\/7404"}],"collection":[{"href":"https:\/\/www.cralasabina.es\/index.php\/wp-json\/wp\/v2\/posts"}],"about":[{"href":"https:\/\/www.cralasabina.es\/index.php\/wp-json\/wp\/v2\/types\/post"}],"author":[{"embeddable":true,"href":"https:\/\/www.cralasabina.es\/index.php\/wp-json\/wp\/v2\/users\/1"}],"replies":[{"embeddable":true,"href":"https:\/\/www.cralasabina.es\/index.php\/wp-json\/wp\/v2\/comments?post=7404"}],"version-history":[{"count":1,"href":"https:\/\/www.cralasabina.es\/index.php\/wp-json\/wp\/v2\/posts\/7404\/revisions"}],"predecessor-version":[{"id":7407,"href":"https:\/\/www.cralasabina.es\/index.php\/wp-json\/wp\/v2\/posts\/7404\/revisions\/7407"}],"wp:attachment":[{"href":"https:\/\/www.cralasabina.es\/index.php\/wp-json\/wp\/v2\/media?parent=7404"}],"wp:term":[{"taxonomy":"category","embeddable":true,"href":"https:\/\/www.cralasabina.es\/index.php\/wp-json\/wp\/v2\/categories?post=7404"},{"taxonomy":"post_tag","embeddable":true,"href":"https:\/\/www.cralasabina.es\/index.php\/wp-json\/wp\/v2\/tags?post=7404"}],"curies":[{"name":"wp","href":"https:\/\/api.w.org\/{rel}","templated":true}]}}